{"id":2152,"date":"2025-06-30T12:06:23","date_gmt":"2025-06-30T12:06:23","guid":{"rendered":"https:\/\/optiala.fi\/?p=2152"},"modified":"2025-06-30T14:03:53","modified_gmt":"2025-06-30T14:03:53","slug":"jorma-uotinen-vierailee-ylivieskan-ja-raahen-myymaloissa-15-16-10-2024","status":"publish","type":"post","link":"https:\/\/optiala.fi\/sv\/jorma-uotinen-vierailee-ylivieskan-ja-raahen-myymaloissa-15-16-10-2024\/","title":{"rendered":"Jorma Uotinen vierailee Ylivieskan ja Raahen myym\u00e4l\u00f6iss\u00e4 15. \u2013 16.10.2024"},"content":{"rendered":"<h3 class=\"wp-block-heading\">Varaa aika kehystailaukseen!<\/h3>\n\n\n\n<p>Hurmaava Jorma Uotinen auttaa asiakkaitamme kehysvalinnassa Ylivieskassa ke 16.10.2024 ja Raahessa to 17.10. Varaa aika henkil\u00f6kohtaiseen stailaukseen tai tule paikanp\u00e4\u00e4lle ilman ajanvarausta.&nbsp;<\/p>\n\n\n\n<p>Paikalla my\u00f6s kehysedustaja J-P Laurikka tyylikk\u00e4iden Vycoz, Spectaful ja Ultra Limited mallistojen kanssa. Kattavassa valikoimassa&nbsp;EI HUONOja kehyksi\u00e4 olekaan.&nbsp;<\/p>\n\n\n\n<p>Jorma Uotinen paikalla klo 11 \u2013 18<\/p>\n\n\n\n<p>Ajanvaraus puhelimitse: Ylivieska&nbsp;0400907564 &nbsp;Raahe 0503736786<\/p>\n\n\n\n<p>TERVETULOA!<\/p>","protected":false},"excerpt":{"rendered":"<p>Varaa aika kehystailaukseen! Hurmaava Jorma Uotinen auttaa asiakkaitamme kehysvalinnassa Ylivieskassa ke 16.10.2024 ja Raahessa to 17.10. Varaa aika henkil\u00f6kohtaiseen stailaukseen [&hellip;]<\/p>","protected":false},"author":1,"featured_media":261,"comment_status":"open","ping_status":"open","sticky":false,"template":"","format":"standard","meta":{"_improvement_type_select":"improve_an_existing","_thumb_yes_seoaic":false,"_frame_yes_seoaic":false,"seoaic_generate_description":"","seoaic_improve_instructions_prompt":"","seoaic_rollback_content_improvement":"","seoaic_idea_thumbnail_generator":"","thumbnail_generated":false,"thumbnail_generate_prompt":"","seoaic_article_description":"","site-sidebar-layout":"default","site-content-layout":"","ast-site-content-layout":"","site-content-style":"default","site-sidebar-style":"default","ast-global-header-display":"","ast-banner-title-visibility":"","ast-main-header-display":"","ast-hfb-above-header-display":"","ast-hfb-below-header-display":"","ast-hfb-mobile-header-display":"","site-post-title":"","ast-breadcrumbs-content":"","ast-featured-img":"","footer-sml-layout":"","theme-transparent-header-meta":"","adv-header-id-meta":"","stick-header-meta":"","header-above-stick-meta":"","header-main-stick-meta":"","header-below-stick-meta":"","astra-migrate-meta-layouts":"default","ast-page-background-enabled":"default","ast-page-background-meta":{"desktop":{"background-color":"var(--ast-global-color-5)","background-image":"","background-repeat":"repeat","background-position":"center center","background-size":"auto","background-attachment":"scroll","background-type":"","background-media":"","overlay-type":"","overlay-color":"","overlay-opacity":"","overlay-gradient":""},"tablet":{"background-color":"","background-image":"","background-repeat":"repeat","background-position":"center center","background-size":"auto","background-attachment":"scroll","background-type":"","background-media":"","overlay-type":"","overlay-color":"","overlay-opacity":"","overlay-gradient":""},"mobile":{"background-color":"","background-image":"","background-repeat":"repeat","background-position":"center center","background-size":"auto","background-attachment":"scroll","background-type":"","background-media":"","overlay-type":"","overlay-color":"","overlay-opacity":"","overlay-gradient":""}},"ast-content-background-meta":{"desktop":{"background-color":"var(--ast-global-color-4)","background-image":"","background-repeat":"repeat","background-position":"center center","background-size":"auto","background-attachment":"scroll","background-type":"","background-media":"","overlay-type":"","overlay-color":"","overlay-opacity":"","overlay-gradient":""},"tablet":{"background-color":"var(--ast-global-color-4)","background-image":"","background-repeat":"repeat","background-position":"center center","background-size":"auto","background-attachment":"scroll","background-type":"","background-media":"","overlay-type":"","overlay-color":"","overlay-opacity":"","overlay-gradient":""},"mobile":{"background-color":"var(--ast-global-color-4)","background-image":"","background-repeat":"repeat","background-position":"center center","background-size":"auto","background-attachment":"scroll","background-type":"","background-media":"","overlay-type":"","overlay-color":"","overlay-opacity":"","overlay-gradient":""}},"seoaic_article_subtitles":[],"footnotes":""},"categories":[1],"tags":[],"class_list":["post-2152","post","type-post","status-publish","format-standard","has-post-thumbnail","hentry","category-blog"],"yoast_head":"<!-- This site is optimized with the Yoast SEO plugin v25.9 - https:\/\/yoast.com\/wordpress\/plugins\/seo\/ -->\n<title>Jorma Uotinen vierailee Ylivieskan ja Raahen myym\u00e4l\u00f6iss\u00e4 15. \u2013 16.10.2024 - N\u00e4k\u00f6keskus &amp; Silm\u00e4kulma<\/title>\n<meta name=\"robots\" content=\"index, follow, max-snippet:-1, max-image-preview:large, max-video-preview:-1\" \/>\n<link rel=\"canonical\" href=\"https:\/\/optiala.fi\/sv\/jorma-uotinen-vierailee-ylivieskan-ja-raahen-myymaloissa-15-16-10-2024\/\" \/>\n<meta property=\"og:locale\" content=\"sv_SE\" \/>\n<meta property=\"og:type\" content=\"article\" \/>\n<meta property=\"og:title\" content=\"Jorma Uotinen vierailee Ylivieskan ja Raahen myym\u00e4l\u00f6iss\u00e4 15. \u2013 16.10.2024 - N\u00e4k\u00f6keskus &amp; Silm\u00e4kulma\" \/>\n<meta property=\"og:description\" content=\"Varaa aika kehystailaukseen! Hurmaava Jorma Uotinen auttaa asiakkaitamme kehysvalinnassa Ylivieskassa ke 16.10.2024 ja Raahessa to 17.10. Varaa aika henkil\u00f6kohtaiseen stailaukseen [&hellip;]\" \/>\n<meta property=\"og:url\" content=\"https:\/\/optiala.fi\/sv\/jorma-uotinen-vierailee-ylivieskan-ja-raahen-myymaloissa-15-16-10-2024\/\" \/>\n<meta property=\"og:site_name\" content=\"N\u00e4k\u00f6keskus &amp; Silm\u00e4kulma\" \/>\n<meta property=\"article:published_time\" content=\"2025-06-30T12:06:23+00:00\" \/>\n<meta property=\"article:modified_time\" content=\"2025-06-30T14:03:53+00:00\" \/>\n<meta property=\"og:image\" content=\"https:\/\/optiala.fi\/wp-content\/uploads\/2025\/03\/Jorma-Uotinen.webp\" \/>\n\t<meta property=\"og:image:width\" content=\"800\" \/>\n\t<meta property=\"og:image:height\" content=\"1038\" \/>\n\t<meta property=\"og:image:type\" content=\"image\/webp\" \/>\n<meta name=\"author\" content=\"pilar\" \/>\n<meta name=\"twitter:card\" content=\"summary_large_image\" \/>\n<meta name=\"twitter:label1\" content=\"Skriven av\" \/>\n\t<meta name=\"twitter:data1\" content=\"pilar\" \/>\n<script type=\"application\/ld+json\" class=\"yoast-schema-graph\">{\"@context\":\"https:\/\/schema.org\",\"@graph\":[{\"@type\":\"WebPage\",\"@id\":\"https:\/\/optiala.fi\/jorma-uotinen-vierailee-ylivieskan-ja-raahen-myymaloissa-15-16-10-2024\/\",\"url\":\"https:\/\/optiala.fi\/jorma-uotinen-vierailee-ylivieskan-ja-raahen-myymaloissa-15-16-10-2024\/\",\"name\":\"Jorma Uotinen vierailee Ylivieskan ja Raahen myym\u00e4l\u00f6iss\u00e4 15. \u2013 16.10.2024 - N\u00e4k\u00f6keskus &amp; Silm\u00e4kulma\",\"isPartOf\":{\"@id\":\"https:\/\/optiala.fi\/#website\"},\"primaryImageOfPage\":{\"@id\":\"https:\/\/optiala.fi\/jorma-uotinen-vierailee-ylivieskan-ja-raahen-myymaloissa-15-16-10-2024\/#primaryimage\"},\"image\":{\"@id\":\"https:\/\/optiala.fi\/jorma-uotinen-vierailee-ylivieskan-ja-raahen-myymaloissa-15-16-10-2024\/#primaryimage\"},\"thumbnailUrl\":\"https:\/\/optiala.fi\/wp-content\/uploads\/2025\/03\/Jorma-Uotinen.webp\",\"datePublished\":\"2025-06-30T12:06:23+00:00\",\"dateModified\":\"2025-06-30T14:03:53+00:00\",\"author\":{\"@id\":\"https:\/\/optiala.fi\/#\/schema\/person\/afad930463ed72149eebfe60e99768f9\"},\"breadcrumb\":{\"@id\":\"https:\/\/optiala.fi\/jorma-uotinen-vierailee-ylivieskan-ja-raahen-myymaloissa-15-16-10-2024\/#breadcrumb\"},\"inLanguage\":\"sv-SE\",\"potentialAction\":[{\"@type\":\"ReadAction\",\"target\":[\"https:\/\/optiala.fi\/jorma-uotinen-vierailee-ylivieskan-ja-raahen-myymaloissa-15-16-10-2024\/\"]}]},{\"@type\":\"ImageObject\",\"inLanguage\":\"sv-SE\",\"@id\":\"https:\/\/optiala.fi\/jorma-uotinen-vierailee-ylivieskan-ja-raahen-myymaloissa-15-16-10-2024\/#primaryimage\",\"url\":\"https:\/\/optiala.fi\/wp-content\/uploads\/2025\/03\/Jorma-Uotinen.webp\",\"contentUrl\":\"https:\/\/optiala.fi\/wp-content\/uploads\/2025\/03\/Jorma-Uotinen.webp\",\"width\":800,\"height\":1038},{\"@type\":\"BreadcrumbList\",\"@id\":\"https:\/\/optiala.fi\/jorma-uotinen-vierailee-ylivieskan-ja-raahen-myymaloissa-15-16-10-2024\/#breadcrumb\",\"itemListElement\":[{\"@type\":\"ListItem\",\"position\":1,\"name\":\"Etusivu\",\"item\":\"https:\/\/optiala.fi\/\"},{\"@type\":\"ListItem\",\"position\":2,\"name\":\"Jorma Uotinen vierailee Ylivieskan ja Raahen myym\u00e4l\u00f6iss\u00e4 15. \u2013 16.10.2024\"}]},{\"@type\":\"WebSite\",\"@id\":\"https:\/\/optiala.fi\/#website\",\"url\":\"https:\/\/optiala.fi\/\",\"name\":\"N\u00e4k\u00f6keskus &amp; Silm\u00e4kulma\",\"description\":\"Viihtyis\u00e4 ja palveleva optikkoliike.\",\"potentialAction\":[{\"@type\":\"SearchAction\",\"target\":{\"@type\":\"EntryPoint\",\"urlTemplate\":\"https:\/\/optiala.fi\/?s={search_term_string}\"},\"query-input\":{\"@type\":\"PropertyValueSpecification\",\"valueRequired\":true,\"valueName\":\"search_term_string\"}}],\"inLanguage\":\"sv-SE\"},{\"@type\":\"Person\",\"@id\":\"https:\/\/optiala.fi\/#\/schema\/person\/afad930463ed72149eebfe60e99768f9\",\"name\":\"pilar\",\"image\":{\"@type\":\"ImageObject\",\"inLanguage\":\"sv-SE\",\"@id\":\"https:\/\/optiala.fi\/#\/schema\/person\/image\/\",\"url\":\"https:\/\/secure.gravatar.com\/avatar\/ab48ea899983ba9fa97fa7fddd381231412bf474318ed98014a29e14f19b704b?s=96&d=mm&r=g\",\"contentUrl\":\"https:\/\/secure.gravatar.com\/avatar\/ab48ea899983ba9fa97fa7fddd381231412bf474318ed98014a29e14f19b704b?s=96&d=mm&r=g\",\"caption\":\"pilar\"},\"sameAs\":[\"https:\/\/optiala.fi\"],\"url\":\"https:\/\/optiala.fi\/sv\/author\/pilar\/\"}]}<\/script>\n<!-- \/ Yoast SEO plugin. -->","yoast_head_json":{"title":"Jorma Uotinen vierailee Ylivieskan ja Raahen myym\u00e4l\u00f6iss\u00e4 15. \u2013 16.10.2024 - N\u00e4k\u00f6keskus &amp; Silm\u00e4kulma","robots":{"index":"index","follow":"follow","max-snippet":"max-snippet:-1","max-image-preview":"max-image-preview:large","max-video-preview":"max-video-preview:-1"},"canonical":"https:\/\/optiala.fi\/sv\/jorma-uotinen-vierailee-ylivieskan-ja-raahen-myymaloissa-15-16-10-2024\/","og_locale":"sv_SE","og_type":"article","og_title":"Jorma Uotinen vierailee Ylivieskan ja Raahen myym\u00e4l\u00f6iss\u00e4 15. \u2013 16.10.2024 - N\u00e4k\u00f6keskus &amp; Silm\u00e4kulma","og_description":"Varaa aika kehystailaukseen! Hurmaava Jorma Uotinen auttaa asiakkaitamme kehysvalinnassa Ylivieskassa ke 16.10.2024 ja Raahessa to 17.10. Varaa aika henkil\u00f6kohtaiseen stailaukseen [&hellip;]","og_url":"https:\/\/optiala.fi\/sv\/jorma-uotinen-vierailee-ylivieskan-ja-raahen-myymaloissa-15-16-10-2024\/","og_site_name":"N\u00e4k\u00f6keskus &amp; Silm\u00e4kulma","article_published_time":"2025-06-30T12:06:23+00:00","article_modified_time":"2025-06-30T14:03:53+00:00","og_image":[{"width":800,"height":1038,"url":"https:\/\/optiala.fi\/wp-content\/uploads\/2025\/03\/Jorma-Uotinen.webp","type":"image\/webp"}],"author":"pilar","twitter_card":"summary_large_image","twitter_misc":{"Skriven av":"pilar"},"schema":{"@context":"https:\/\/schema.org","@graph":[{"@type":"WebPage","@id":"https:\/\/optiala.fi\/jorma-uotinen-vierailee-ylivieskan-ja-raahen-myymaloissa-15-16-10-2024\/","url":"https:\/\/optiala.fi\/jorma-uotinen-vierailee-ylivieskan-ja-raahen-myymaloissa-15-16-10-2024\/","name":"Jorma Uotinen vierailee Ylivieskan ja Raahen myym\u00e4l\u00f6iss\u00e4 15. \u2013 16.10.2024 - N\u00e4k\u00f6keskus &amp; Silm\u00e4kulma","isPartOf":{"@id":"https:\/\/optiala.fi\/#website"},"primaryImageOfPage":{"@id":"https:\/\/optiala.fi\/jorma-uotinen-vierailee-ylivieskan-ja-raahen-myymaloissa-15-16-10-2024\/#primaryimage"},"image":{"@id":"https:\/\/optiala.fi\/jorma-uotinen-vierailee-ylivieskan-ja-raahen-myymaloissa-15-16-10-2024\/#primaryimage"},"thumbnailUrl":"https:\/\/optiala.fi\/wp-content\/uploads\/2025\/03\/Jorma-Uotinen.webp","datePublished":"2025-06-30T12:06:23+00:00","dateModified":"2025-06-30T14:03:53+00:00","author":{"@id":"https:\/\/optiala.fi\/#\/schema\/person\/afad930463ed72149eebfe60e99768f9"},"breadcrumb":{"@id":"https:\/\/optiala.fi\/jorma-uotinen-vierailee-ylivieskan-ja-raahen-myymaloissa-15-16-10-2024\/#breadcrumb"},"inLanguage":"sv-SE","potentialAction":[{"@type":"ReadAction","target":["https:\/\/optiala.fi\/jorma-uotinen-vierailee-ylivieskan-ja-raahen-myymaloissa-15-16-10-2024\/"]}]},{"@type":"ImageObject","inLanguage":"sv-SE","@id":"https:\/\/optiala.fi\/jorma-uotinen-vierailee-ylivieskan-ja-raahen-myymaloissa-15-16-10-2024\/#primaryimage","url":"https:\/\/optiala.fi\/wp-content\/uploads\/2025\/03\/Jorma-Uotinen.webp","contentUrl":"https:\/\/optiala.fi\/wp-content\/uploads\/2025\/03\/Jorma-Uotinen.webp","width":800,"height":1038},{"@type":"BreadcrumbList","@id":"https:\/\/optiala.fi\/jorma-uotinen-vierailee-ylivieskan-ja-raahen-myymaloissa-15-16-10-2024\/#breadcrumb","itemListElement":[{"@type":"ListItem","position":1,"name":"Etusivu","item":"https:\/\/optiala.fi\/"},{"@type":"ListItem","position":2,"name":"Jorma Uotinen vierailee Ylivieskan ja Raahen myym\u00e4l\u00f6iss\u00e4 15. \u2013 16.10.2024"}]},{"@type":"WebSite","@id":"https:\/\/optiala.fi\/#website","url":"https:\/\/optiala.fi\/","name":"N\u00e4k\u00f6keskus &amp; Silm\u00e4kulma","description":"Viihtyis\u00e4 ja palveleva optikkoliike.","potentialAction":[{"@type":"SearchAction","target":{"@type":"EntryPoint","urlTemplate":"https:\/\/optiala.fi\/?s={search_term_string}"},"query-input":{"@type":"PropertyValueSpecification","valueRequired":true,"valueName":"search_term_string"}}],"inLanguage":"sv-SE"},{"@type":"Person","@id":"https:\/\/optiala.fi\/#\/schema\/person\/afad930463ed72149eebfe60e99768f9","name":"pilar","image":{"@type":"ImageObject","inLanguage":"sv-SE","@id":"https:\/\/optiala.fi\/#\/schema\/person\/image\/","url":"https:\/\/secure.gravatar.com\/avatar\/ab48ea899983ba9fa97fa7fddd381231412bf474318ed98014a29e14f19b704b?s=96&d=mm&r=g","contentUrl":"https:\/\/secure.gravatar.com\/avatar\/ab48ea899983ba9fa97fa7fddd381231412bf474318ed98014a29e14f19b704b?s=96&d=mm&r=g","caption":"pilar"},"sameAs":["https:\/\/optiala.fi"],"url":"https:\/\/optiala.fi\/sv\/author\/pilar\/"}]}},"_links":{"self":[{"href":"https:\/\/optiala.fi\/sv\/wp-json\/wp\/v2\/posts\/2152","targetHints":{"allow":["GET"]}}],"collection":[{"href":"https:\/\/optiala.fi\/sv\/wp-json\/wp\/v2\/posts"}],"about":[{"href":"https:\/\/optiala.fi\/sv\/wp-json\/wp\/v2\/types\/post"}],"author":[{"embeddable":true,"href":"https:\/\/optiala.fi\/sv\/wp-json\/wp\/v2\/users\/1"}],"replies":[{"embeddable":true,"href":"https:\/\/optiala.fi\/sv\/wp-json\/wp\/v2\/comments?post=2152"}],"version-history":[{"count":2,"href":"https:\/\/optiala.fi\/sv\/wp-json\/wp\/v2\/posts\/2152\/revisions"}],"predecessor-version":[{"id":2234,"href":"https:\/\/optiala.fi\/sv\/wp-json\/wp\/v2\/posts\/2152\/revisions\/2234"}],"wp:featuredmedia":[{"embeddable":true,"href":"https:\/\/optiala.fi\/sv\/wp-json\/wp\/v2\/media\/261"}],"wp:attachment":[{"href":"https:\/\/optiala.fi\/sv\/wp-json\/wp\/v2\/media?parent=2152"}],"wp:term":[{"taxonomy":"category","embeddable":true,"href":"https:\/\/optiala.fi\/sv\/wp-json\/wp\/v2\/categories?post=2152"},{"taxonomy":"post_tag","embeddable":true,"href":"https:\/\/optiala.fi\/sv\/wp-json\/wp\/v2\/tags?post=2152"}],"curies":[{"name":"wp","href":"https:\/\/api.w.org\/{rel}","templated":true}]}}